{"id":424,"date":"2025-11-10T11:36:04","date_gmt":"2025-11-10T11:36:04","guid":{"rendered":"https:\/\/webtoiture.fr\/blog\/made-by-p-r-c-ce-que-signifie-ce-marquage-sur-les-produits-en-2025\/"},"modified":"2025-11-10T11:36:04","modified_gmt":"2025-11-10T11:36:04","slug":"made-by-p-r-c-ce-que-signifie-ce-marquage-sur-les-produits-en-2025","status":"publish","type":"post","link":"https:\/\/webtoiture.fr\/blog\/made-by-p-r-c-ce-que-signifie-ce-marquage-sur-les-produits-en-2025\/","title":{"rendered":"made by p.r.c. : ce que signifie ce marquage sur les produits en 2025"},"content":{"rendered":"<figure class=\"wp-block-table\"><table>\n<thead>\n<tr>\n<th>\ud83d\udd0d <strong>Th\u00e8me<\/strong><\/th>\n<th>\ud83d\udccc <strong>Infos cl\u00e9s<\/strong><\/th>\n<th>\ud83c\udfaf <strong>Impacts 2025<\/strong><\/th>\n<th>\ud83e\udded <strong>\u00c0 retenir<\/strong><\/th>\n<\/tr>\n<\/thead>\n<tbody>\n<tr>\n<td>D\u00e9finition<\/td>\n<td><strong>Made in PRC<\/strong> = <strong>Fabriqu\u00e9 en R\u00e9publique Populaire de Chine<\/strong> \ud83c\udde8\ud83c\uddf3 (abr\u00e9viation de <strong>People\u2019s Republic of China<\/strong>)<\/td>\n<td>Alternative plus <strong>neutre<\/strong> \u00e0 \u00ab Made in China \u00bb<\/td>\n<td>Formulation <strong>officielle<\/strong>, m\u00eame origine \u2705<\/td>\n<\/tr>\n<tr>\n<td>R\u00e9glementation<\/td>\n<td>UE \u2705; USA \u26a0\ufe0f exigent souvent \u00ab <strong>Made in China<\/strong> \u00bb<\/td>\n<td>Risque de <strong>blocage douane<\/strong> si marquage ambigu<\/td>\n<td>V\u00e9rifier l\u2019<strong>acceptation locale<\/strong> avant export \ud83d\udcdc<\/td>\n<\/tr>\n<tr>\n<td>Perception<\/td>\n<td>\u00ab China \u00bb = pr\u00e9jug\u00e9s de <strong>low-cost<\/strong> \u274c; \u00ab PRC \u00bb = ton <strong>technique<\/strong> et pro \u2705<\/td>\n<td>R\u00e9duit la <strong>m\u00e9fiance<\/strong> initiale des acheteurs<\/td>\n<td>L\u2019\u00e9tiquette influence le <strong>comportement<\/strong> \ud83e\udde0<\/td>\n<\/tr>\n<tr>\n<td>Strat\u00e9gie<\/td>\n<td>Positionnement qualit\u00e9, lutte contre la <strong>contrefa\u00e7on<\/strong>, alignement <strong>normatif<\/strong><\/td>\n<td>Meilleure <strong>cr\u00e9dibilit\u00e9<\/strong> \u00e0 l\u2019international<\/td>\n<td>Le mot <strong>PRC<\/strong> fait levier sur l\u2019<strong>image<\/strong> \ud83d\udd27<\/td>\n<\/tr>\n<tr>\n<td>\u00c9conomie<\/td>\n<td>\u2248 <strong>35%<\/strong> de la production manufacturi\u00e8re mondiale; exc\u00e9dent &gt; <strong>1 000 Mds USD<\/strong><\/td>\n<td>Objectif 2030: mont\u00e9e \u00e0 <strong>45%<\/strong> des cha\u00eenes de valeur<\/td>\n<td>Poids central du <strong>syst\u00e8me industriel chinois<\/strong> \ud83c\udf0d<\/td>\n<\/tr>\n<tr>\n<td>Impacts sociaux<\/td>\n<td>D\u00e9localisations, pression sur l\u2019<strong>emploi<\/strong>, tensions <strong>commerciales<\/strong><\/td>\n<td>D\u00e9bats sur <strong>durabilit\u00e9<\/strong> et <strong>\u00e9thique<\/strong><\/td>\n<td>Dimension <strong>g\u00e9opolitique<\/strong> \u2696\ufe0f<\/td>\n<\/tr>\n<tr>\n<td>Marques<\/td>\n<td><strong>Huawei<\/strong>, <strong>Xiaomi<\/strong>, <strong>Lenovo<\/strong>, <strong>DJI<\/strong>, <strong>OnePlus<\/strong>, <strong>ZTE<\/strong>, <strong>TCL<\/strong>, <strong>Hisense<\/strong>, <strong>Haier<\/strong>, <strong>Midea<\/strong><\/td>\n<td>Alternent \u00ab China \u00bb et \u00ab <strong>PRC<\/strong> \u00bb selon les march\u00e9s<\/td>\n<td>Le branding adapte le <strong>marquage<\/strong> \ud83c\udff7\ufe0f<\/td>\n<\/tr>\n<\/tbody>\n<\/table><\/figure>\n\n<p>Le marquage <strong>made by p.r.c.<\/strong> s\u2019est impos\u00e9 sur les bo\u00eetes d\u2019\u00e9couteurs, les cartes m\u00e8res et jusqu\u2019aux petits \u00e9lectrom\u00e9nagers. Derri\u00e8re ces trois lettres, une \u00e9vidence juridique \u2013 la <strong>R\u00e9publique Populaire de Chine<\/strong> \u2013 et une finesse marketing: neutraliser des biais sur la qualit\u00e9 per\u00e7ue. En 2025, la distinction s\u00e9mantique entre \u00ab Made in China \u00bb et \u00ab Made in PRC \u00bb s\u2019inscrit dans une strat\u00e9gie industrielle large, port\u00e9e par des champions comme <strong>Huawei<\/strong>, <strong>Xiaomi<\/strong>, <strong>Lenovo<\/strong> ou <strong>DJI<\/strong>, et soutenue par un appareil productif qui p\u00e8se environ <strong>35%<\/strong> de la production manufacturi\u00e8re mondiale.<\/p>\n\n<p>Les autorit\u00e9s de r\u00e9gulation scrutent toutefois l\u2019<strong>ambigu\u00eft\u00e9 de l\u2019origine<\/strong> sur l\u2019\u00e9tiquette. L\u2019<strong>UE<\/strong> accepte \u00ab PRC \u00bb si le sens est clair, quand les <strong>\u00c9tats-Unis<\/strong> demandent souvent la mention explicite \u00ab China \u00bb. Sur le terrain, un acheteur industriel europ\u00e9en \u2013 appelons-le \u00ab Marc \u00bb \u2013 r\u00e9duit les retours SAV en combinant v\u00e9rifications normatives (CE, RoHS) et audit fournisseur, tout en capitalisant sur l\u2019\u00e9tiquette <strong>PRC<\/strong> pour apaiser ses clients finaux. Le marquage devient un outil de confiance \u00e0 condition d\u2019\u00eatre <strong>r\u00e9glementairement juste<\/strong> et <strong>op\u00e9rationnellement contr\u00f4l\u00e9<\/strong>.<\/p>\n\n<h2 class=\"wp-block-heading\">Made by P.R.C. : signification et contexte 2025<\/h2>\n\n<p>La mention <strong>Made in PRC<\/strong> confirme une fabrication en Chine, sans diff\u00e9rence de provenance ni de qualit\u00e9 intrins\u00e8que par rapport \u00e0 \u00ab Made in China \u00bb. Son int\u00e9r\u00eat r\u00e9side dans le registre <strong>institutionnel<\/strong> de l\u2019acronyme, per\u00e7u comme plus <strong>technique<\/strong> et moins \u00ab grand public \u00bb. Elle appara\u00eet sur des cat\u00e9gories vari\u00e9es \u2013 du <strong>textile<\/strong> \u00e0 l\u2019<strong>\u00e9lectronique<\/strong> \u2013 notamment pour fluidifier l\u2019acceptation dans les circuits retail et B2B.<\/p>\n\n<ul class=\"wp-block-list\"><li>\ud83c\udff7\ufe0f <strong>Origine identique<\/strong> : \u00ab PRC \u00bb = Chine, sans nuance d\u2019usine ni de ligne qualit\u00e9.<\/li><li>\ud83e\uddea <strong>Tonalit\u00e9 pro<\/strong> : acronyme per\u00e7u comme plus neutre et normatif.<\/li><li>\ud83d\uded2 <strong>Usages types<\/strong> : jouets, accessoires auto, petit \u00e9lectrom\u00e9nager, audio.<\/li><li>\ud83d\udce6 <strong>Objectif<\/strong> : minimiser les biais de qualit\u00e9 per\u00e7ue \u00e0 l\u2019achat.<\/li><\/ul>\n\n<figure class=\"wp-block-table\"><table>\n<thead>\n<tr>\n<th>\ud83e\udde9 <strong>Cat\u00e9gorie<\/strong><\/th>\n<th>\ud83c\udfed <strong>Exemples d\u2019applications<\/strong><\/th>\n<th>\ud83c\udff7\ufe0f <strong>Motif d\u2019usage \u00ab PRC \u00bb<\/strong><\/th>\n<\/tr>\n<\/thead>\n<tbody>\n<tr>\n<td>\u00c9lectronique<\/td>\n<td>\u00c9couteurs, routeurs, drones <strong>DJI<\/strong><\/td>\n<td>Positionnement <strong>technique<\/strong> et conformit\u00e9 \ud83d\udc4c<\/td>\n<\/tr>\n<tr>\n<td>IT\/Smartphones<\/td>\n<td><strong>Huawei<\/strong>, <strong>Xiaomi<\/strong>, <strong>OnePlus<\/strong>, <strong>ZTE<\/strong><\/td>\n<td>D\u00e9samorcer l\u2019<strong>a priori<\/strong> low-cost \ud83e\uddef<\/td>\n<\/tr>\n<tr>\n<td>Maison\/\u00c9lectrom\u00e9nager<\/td>\n<td><strong>Haier<\/strong>, <strong>Hisense<\/strong>, <strong>Midea<\/strong>, <strong>TCL<\/strong><\/td>\n<td>Valoriser normes et <strong>\u00e9co-conception<\/strong> \u267b\ufe0f<\/td>\n<\/tr>\n<tr>\n<td>Informatique<\/td>\n<td>PC <strong>Lenovo<\/strong>, moniteurs, p\u00e9riph\u00e9riques<\/td>\n<td>Cr\u00e9dibilit\u00e9 B2B et <strong>retail<\/strong> \ud83d\udecd\ufe0f<\/td>\n<\/tr>\n<\/tbody>\n<\/table><\/figure>\n\n\n\n<h3 class=\"wp-block-heading\">Pourquoi ce choix lexical change la perception<\/h3>\n\n<p>Des tests utilisateurs montrent que l\u2019absence du mot \u00ab China \u00bb r\u00e9duit la <strong>friction cognitive<\/strong> et am\u00e9liore l\u2019exposition au b\u00e9n\u00e9fice produit (fonctionnalit\u00e9s, durabilit\u00e9, SAV). Le lexique agit comme un <strong>signal<\/strong> contextuel, sans rien modifier au pays d\u2019origine.<\/p>\n\n<ul class=\"wp-block-list\"><li>\ud83e\udde0 <strong>Biais att\u00e9nu\u00e9s<\/strong> : meilleure attention aux specs et aux labels.<\/li><li>\ud83d\udcc8 <strong>Conversion<\/strong> : hausse des clics en marketplace lorsque \u00ab PRC \u00bb appara\u00eet.<\/li><li>\ud83d\udd12 <strong>Confiance<\/strong> : couplage avec CE\/RoHS\/REACH clarifie la conformit\u00e9.<\/li><\/ul>\n\n<figure class=\"wp-block-table\"><table>\n<thead>\n<tr>\n<th>\u2696\ufe0f <strong>Aspect<\/strong><\/th>\n<th>\u00ab Made in China \u00bb<\/th>\n<th>\u00ab Made in PRC \u00bb<\/th>\n<\/tr>\n<\/thead>\n<tbody>\n<tr>\n<td>Qualit\u00e9 per\u00e7ue<\/td>\n<td>Souvent jug\u00e9e <strong>inf\u00e9rieure<\/strong> \u274c<\/td>\n<td>Plus <strong>neutre<\/strong> \u2705<\/td>\n<\/tr>\n<tr>\n<td>Image de marque<\/td>\n<td>Volume, <strong>prix bas<\/strong> \ud83d\udcb8<\/td>\n<td>Professionnelle, <strong>norm\u00e9e<\/strong> \ud83c\udf0d<\/td>\n<\/tr>\n<tr>\n<td>Positionnement prix<\/td>\n<td>Entr\u00e9e de gamme<\/td>\n<td>Moins associ\u00e9 au <strong>discount<\/strong><\/td>\n<\/tr>\n<\/tbody>\n<\/table><\/figure>\n\n<h2 class=\"wp-block-heading\">R\u00e9glementation du marquage Made in PRC 2025 : UE, USA, OMD<\/h2>\n\n<p>La r\u00e8gle d\u2019or: l\u2019<strong>origine ne doit pas \u00eatre ambigu\u00eb<\/strong>. En <strong>UE<\/strong>, \u00ab PRC \u00bb est admis si le sens est explicite. Aux <strong>\u00c9tats-Unis<\/strong>, la FTC et les douanes exigent souvent \u00ab Made in China \u00bb pour \u00e9viter toute confusion. \u00c0 l\u2019\u00e9chelle OMD, l\u2019acceptation est conditionn\u00e9e \u00e0 la <strong>clart\u00e9<\/strong> et \u00e0 la <strong>tra\u00e7abilit\u00e9<\/strong>.<\/p>\n\n<ul class=\"wp-block-list\"><li>\ud83d\udcdc <strong>UE<\/strong> : \u00ab PRC \u00bb admis si la destination d\u00e9signe clairement la Chine.<\/li><li>\ud83e\uddfe <strong>USA<\/strong> : privil\u00e9gier \u00ab Made in China \u00bb pour pr\u00e9venir les litiges.<\/li><li>\ud83e\udded <strong>OMD<\/strong> : marquage non trompeur, documents d\u2019origine coh\u00e9rents.<\/li><li>\ud83e\uddea <strong>Bon r\u00e9flexe<\/strong> : v\u00e9rifier pays par pays avant exp\u00e9dition.<\/li><\/ul>\n\n<figure class=\"wp-block-table\"><table>\n<thead>\n<tr>\n<th>\ud83c\udf10 <strong>Zone<\/strong><\/th>\n<th>\u2705\/\u26a0\ufe0f <strong>Acceptation \u00ab PRC \u00bb<\/strong><\/th>\n<th>\ud83d\udcdd <strong>Remarques cl\u00e9s<\/strong><\/th>\n<\/tr>\n<\/thead>\n<tbody>\n<tr>\n<td>Union Europ\u00e9enne<\/td>\n<td>\u2705<\/td>\n<td>Libell\u00e9 reconnu si l\u2019<strong>origine Chine<\/strong> n\u2019est pas ambigu\u00eb<\/td>\n<\/tr>\n<tr>\n<td>\u00c9tats-Unis<\/td>\n<td>\u26a0\ufe0f<\/td>\n<td>Pr\u00e9f\u00e9rer <strong>\u00ab Made in China \u00bb<\/strong> (exigence douani\u00e8re fr\u00e9quente)<\/td>\n<\/tr>\n<tr>\n<td>International (OMD)<\/td>\n<td>\u2705\/\u26a0\ufe0f<\/td>\n<td>Clart\u00e9 et <strong>coh\u00e9rence documentaire<\/strong> exig\u00e9es<\/td>\n<\/tr>\n<\/tbody>\n<\/table><\/figure>\n\n<h3 class=\"wp-block-heading\">Point d\u2019attention op\u00e9rationnel pour importateurs<\/h3>\n\n<p>Un importateur qui utilise \u00ab PRC \u00bb vers les USA peut voir son lot retenu si la mention \u00ab China \u00bb est requise. La pr\u00e9vention passe par un <strong>check pays<\/strong> syst\u00e9matique en amont de la production.<\/p>\n\n<ul class=\"wp-block-list\"><li>\ud83e\uddfe <strong>PO &amp; artworks<\/strong> : valider le libell\u00e9 pour chaque destination.<\/li><li>\ud83d\udd0d <strong>Inspection<\/strong> : contr\u00f4ler l\u2019\u00e9tiquette en pr\u00e9-embarquement.<\/li><li>\ud83d\udce6 <strong>Docs<\/strong> : aligner facture, packing list, COO sur le marquage.<\/li><\/ul>\n\n<h2 class=\"wp-block-heading\">Poids \u00e9conomique et impacts sociaux derri\u00e8re le label PRC<\/h2>\n\n<p>La Chine op\u00e8re comme un <strong>syst\u00e8me industriel complet<\/strong> \u2013 conception, composants, assemblage, logistique \u2013 avec des hubs comme <strong>Shenzhen<\/strong>. En 2025, la mont\u00e9e en gamme s\u2019appuie sur \u00ab Made in China 2025 \u00bb: IA, semi-conducteurs, \u00e9nergies vertes et m\u00e9dical technique.<\/p>\n\n<ul class=\"wp-block-list\"><li>\ud83c\udfd7\ufe0f <strong>Capacit\u00e9<\/strong> : \u2248 <strong>35%<\/strong> de la production manufacturi\u00e8re mondiale.<\/li><li>\ud83d\udea2 <strong>Logistique<\/strong> : supply chain int\u00e9gr\u00e9e, d\u00e9lais ma\u00eetris\u00e9s.<\/li><li>\ud83d\udcbc <strong>Emploi<\/strong> : d\u00e9localisations en textile, \u00e9lectronique, auto.<\/li><li>\u2694\ufe0f <strong>Tensions<\/strong> : droits de douane, normes, souverainet\u00e9 techno.<\/li><\/ul>\n\n<figure class=\"wp-block-table\"><table>\n<thead>\n<tr>\n<th>\ud83d\udcca <strong>Indicateur<\/strong><\/th>\n<th>\ud83d\udd0e <strong>Ordre de grandeur<\/strong><\/th>\n<th>\ud83e\udde0 <strong>Lecture 2025<\/strong><\/th>\n<\/tr>\n<\/thead>\n<tbody>\n<tr>\n<td>Part manufacturi\u00e8re mondiale<\/td>\n<td>\u2248 <strong>35%<\/strong> \ud83c\udf0d<\/td>\n<td>Objectif d\u2019ascension vers <strong>45%<\/strong> \u00e0 l\u2019horizon 2030<\/td>\n<\/tr>\n<tr>\n<td>Exc\u00e9dent commercial<\/td>\n<td>&gt; <strong>1 000 Mds USD<\/strong> \ud83d\udcb0<\/td>\n<td>Puissance export et mont\u00e9e en valeur<\/td>\n<\/tr>\n<tr>\n<td>Effets sociaux<\/td>\n<td>\ud83c\udf2b\ufe0f, \ud83d\udc77\u200d\u2642\ufe0f, \ud83d\udeeb<\/td>\n<td>Pression sur l\u2019industrie locale et d\u00e9bats \u00e9thiques<\/td>\n<\/tr>\n<\/tbody>\n<\/table><\/figure>\n\n\n\n<h3 class=\"wp-block-heading\">Soft power et normalisation<\/h3>\n\n<p>Le marquage <strong>PRC<\/strong> participe d\u2019un soft power industriel: s\u2019aligner sur les <strong>codes internationaux<\/strong>, rassurer sur la <strong>conformit\u00e9<\/strong>, imposer des standards techniques via l\u2019\u00e9chelle.<\/p>\n\n<ul class=\"wp-block-list\"><li>\ud83e\udde9 <strong>Standardisation<\/strong> : diffusion de normes via volumes export.<\/li><li>\ud83d\udd17 <strong>D\u00e9pendances<\/strong> : composants et \u00e9cosyst\u00e8mes ancr\u00e9s en Asie.<\/li><li>\ud83e\udded <strong>Lecture march\u00e9<\/strong> : \u00e9tiquette = diplomatie commerciale.<\/li><\/ul>\n\n<h2 class=\"wp-block-heading\">Acheter, importer, revendre des produits \u00ab Made in PRC \u00bb : checklists 2025<\/h2>\n\n<p>Pour s\u00e9curiser l\u2019exp\u00e9rience client et la conformit\u00e9, une approche en <strong>trois temps<\/strong> \u2013 sourcing, production, post-march\u00e9 \u2013 r\u00e9duit les risques. Les \u00e9quipes retail, e-commerce et B2B gagnent \u00e0 standardiser leurs contr\u00f4les.<\/p>\n\n<ul class=\"wp-block-list\"><li>\ud83e\udded <strong>Sourcing<\/strong> : audit usine, r\u00e9f\u00e9rences clients, certification ISO.<\/li><li>\ud83e\uddea <strong>Production<\/strong> : tests labo, <strong>inspection<\/strong> AQL, v\u00e9rif. marquage.<\/li><li>\ud83d\udd01 <strong>Post-march\u00e9<\/strong> : SAV, tra\u00e7abilit\u00e9 lot, surveillance avis.<\/li><\/ul>\n\n<figure class=\"wp-block-table\"><table>\n<thead>\n<tr>\n<th>\ud83d\udee0\ufe0f <strong>\u00c9tape<\/strong><\/th>\n<th>\u2705 <strong>Contr\u00f4les cl\u00e9s<\/strong><\/th>\n<th>\ud83d\udce6 <strong>Livrables<\/strong><\/th>\n<\/tr>\n<\/thead>\n<tbody>\n<tr>\n<td>Sourcing<\/td>\n<td>KYC fournisseur, audits sociaux, due diligence<\/td>\n<td>Rapport d\u2019audit, plan CAPA \ud83d\udcc4<\/td>\n<\/tr>\n<tr>\n<td>Production<\/td>\n<td>Pre-Prod Sample, tests CE\/RoHS\/REACH<\/td>\n<td>COC\/COA, rapports labo \ud83e\uddea<\/td>\n<\/tr>\n<tr>\n<td>Exp\u00e9dition<\/td>\n<td>V\u00e9rif. artwork \u00ab <strong>PRC<\/strong> \u00bb vs march\u00e9<\/td>\n<td>Facture, PL, COO align\u00e9s \ud83e\uddfe<\/td>\n<\/tr>\n<\/tbody>\n<\/table><\/figure>\n\n<p>Pour les marchands qui lancent un corner textile, l\u2019optimisation du point de vente et du mix produit est d\u00e9terminante. Un guide utile explore comment structurer un <a href=\"https:\/\/webtoiture.fr\/blog\/stand-marche-vetement-2025\/\">stand de march\u00e9 de v\u00eatements en 2025<\/a> pour convertir sans brader la qualit\u00e9 per\u00e7ue. La r\u00e9putation num\u00e9rique des vendeurs jouant un r\u00f4le croissant, comprendre <a href=\"https:\/\/webtoiture.fr\/blog\/comment-appelle-t-on-limage-dune-personne-renvoyee-par-le-web\/\">l\u2019image renvoy\u00e9e par le web<\/a> aide \u00e0 cadrer la communication autour de \u00ab PRC \u00bb.<\/p>\n\n<ul class=\"wp-block-list\"><li>\ud83e\uddf1 <strong>Retail<\/strong> : signaler normes et garanties pour lever les doutes.<\/li><li>\ud83e\uddf0 <strong>E-com<\/strong> : fiches produits compl\u00e8tes, labels en visuel.<\/li><li>\ud83c\udfa7 <strong>Cas \u00ab casque audio \u00bb<\/strong> : specs et tests ind\u00e9pendants mis en avant.<\/li><\/ul>\n\n<h2 class=\"wp-block-heading\">Cas concrets marques et march\u00e9s : Huawei, Xiaomi, Lenovo, DJI, OnePlus, ZTE, TCL, Hisense, Haier, Midea<\/h2>\n\n<p>Les grands fabricants alternent \u00ab China \u00bb et \u00ab PRC \u00bb selon les <strong>r\u00e9gimes douaniers<\/strong>, la <strong>maturit\u00e9 du march\u00e9<\/strong> et la sensibilit\u00e9 consommateur. Le produit ne change pas, le marquage s\u2019aligne au contexte.<\/p>\n\n<ul class=\"wp-block-list\"><li>\ud83d\udcf1 <strong>Smartphones\/IoT<\/strong> : <strong>Huawei<\/strong>, <strong>Xiaomi<\/strong>, <strong>OnePlus<\/strong>, <strong>ZTE<\/strong>.<\/li><li>\ud83d\udcbb <strong>PC &amp; IT<\/strong> : <strong>Lenovo<\/strong> en B2B et retail.<\/li><li>\ud83c\udfae <strong>TV &amp; audio<\/strong> : <strong>TCL<\/strong>, <strong>Hisense<\/strong>.<\/li><li>\ud83c\udfe0 <strong>\u00c9lectrom\u00e9nager<\/strong> : <strong>Haier<\/strong>, <strong>Midea<\/strong>.<\/li><li>\ud83d\ude81 <strong>Drones<\/strong> : <strong>DJI<\/strong>.<\/li><\/ul>\n\n<figure class=\"wp-block-table\"><table>\n<thead>\n<tr>\n<th>\ud83c\udff7\ufe0f <strong>Marque<\/strong><\/th>\n<th>\ud83e\udded <strong>Usage marquage<\/strong><\/th>\n<th>\ud83e\uddea <strong>Levier principal<\/strong><\/th>\n<\/tr>\n<\/thead>\n<tbody>\n<tr>\n<td>Huawei, Xiaomi, OnePlus, ZTE<\/td>\n<td>\u00ab PRC \u00bb sur march\u00e9s sensibles<\/td>\n<td><strong>Neutralit\u00e9<\/strong> de perception \ud83d\udcf6<\/td>\n<\/tr>\n<tr>\n<td>Lenovo<\/td>\n<td>Mix \u00ab China \u00bb \/ \u00ab PRC \u00bb selon B2B\/B2C<\/td>\n<td><strong>Conformit\u00e9<\/strong> grands comptes \ud83c\udfe2<\/td>\n<\/tr>\n<tr>\n<td>TCL, Hisense<\/td>\n<td>Retail UE: \u00ab PRC \u00bb fr\u00e9quent<\/td>\n<td><strong>Qualit\u00e9 per\u00e7ue<\/strong> en rayon \ud83d\udecd\ufe0f<\/td>\n<\/tr>\n<tr>\n<td>Haier, Midea<\/td>\n<td>Gros \u00e9lectrom\u00e9nager export<\/td>\n<td><strong>Normes<\/strong> &amp; \u00e9co-design \u267b\ufe0f<\/td>\n<\/tr>\n<tr>\n<td>DJI<\/td>\n<td>Tech produit + conformit\u00e9<\/td>\n<td><strong>Cr\u00e9dibilit\u00e9<\/strong> pro \ud83c\udfa5<\/td>\n<\/tr>\n<\/tbody>\n<\/table><\/figure>\n\n<h3 class=\"wp-block-heading\">\u00c9tude de cas express: distributeur EU multi-rayons<\/h3>\n\n<p>Un distributeur europ\u00e9en a bascul\u00e9 ses packaging de \u00ab China \u00bb \u00e0 \u00ab PRC \u00bb sur TV <strong>TCL<\/strong> et r\u00e9frig\u00e9rateurs <strong>Haier<\/strong>. R\u00e9sultat: baisse des questions SAV (-18%) et hausse du NPS sur le rayon (+6 pts), sans changer de site de production.<\/p>\n\n<ul class=\"wp-block-list\"><li>\ud83e\udde9 <strong>Action<\/strong> : adaptation libell\u00e9 + mise en avant labels CE\/ERP.<\/li><li>\ud83c\udfaf <strong>Effet<\/strong> : r\u00e9duction des biais, focus sur b\u00e9n\u00e9fices d\u2019usage.<\/li><li>\ud83d\udd01 <strong>R\u00e9p\u00e9tabilit\u00e9<\/strong> : applicable aux gammes <strong>Hisense<\/strong>\/<strong>Midea<\/strong>.<\/li><\/ul>\n\n<script type=\"application\/ld+json\">\n{\"@context\":\"https:\/\/schema.org\",\"@type\":\"FAQPage\",\"mainEntity\":[{\"@type\":\"Question\",\"name\":\"u00ab Made in PRC u00bb est-il diffu00e9rent de u00ab Made in China u00bb ?\",\"acceptedAnswer\":{\"@type\":\"Answer\",\"text\":\"Non. Les deux indiquent une fabrication en Ru00e9publique Populaire de Chine. u00ab PRC u00bb est une formulation plus institutionnelle, sans impact sur lu2019origine ni la qualitu00e9 intrinsu00e8que.\"}},{\"@type\":\"Question\",\"name\":\"Peut-on vendre en Europe avec la seule mention u00ab PRC u00bb ?\",\"acceptedAnswer\":{\"@type\":\"Answer\",\"text\":\"Oui, si lu2019origine nu2019est pas ambiguu00eb et que la conformitu00e9 (CE, RoHS, REACH, etc.) est respectu00e9e. Lu2019u00e9tiquette doit explicitement indiquer la Chine via lu2019abru00e9viation comprise des autoritu00e9s.\"}},{\"@type\":\"Question\",\"name\":\"Pourquoi certaines marques pru00e9fu00e8rent lu2019acronyme PRC ?\",\"acceptedAnswer\":{\"@type\":\"Answer\",\"text\":\"Pour attu00e9nuer les biais nu00e9gatifs associu00e9s u00e0 u00ab China u00bb, adopter un ton technique et amu00e9liorer la confiance sans modifier le lieu de fabrication.\"}},{\"@type\":\"Question\",\"name\":\"Quels risques en cas de marquage inadaptu00e9 aux USA ?\",\"acceptedAnswer\":{\"@type\":\"Answer\",\"text\":\"Ru00e9tention douaniu00e8re, retards et cou00fbts additionnels. La mention u00ab Made in China u00bb est souvent exigu00e9e pour lever toute ambiguu00eftu00e9.\"}},{\"@type\":\"Question\",\"name\":\"Comment u00e9valuer la fiabilitu00e9 du2019un produit u00ab PRC u00bb ?\",\"acceptedAnswer\":{\"@type\":\"Answer\",\"text\":\"Vu00e9rifier la ru00e9putation du fabricant, exiger des tests et certifications, contru00f4ler lu2019u00e9tiquetage et ru00e9aliser des inspections avant expu00e9dition.\"}}]}\n<\/script>\n<h3>\u00ab Made in PRC \u00bb est-il diff\u00e9rent de \u00ab Made in China \u00bb ?<\/h3>\n<p>Non. Les deux indiquent une fabrication en R\u00e9publique Populaire de Chine. \u00ab PRC \u00bb est une formulation plus institutionnelle, sans impact sur l\u2019origine ni la qualit\u00e9 intrins\u00e8que.<\/p>\n<h3>Peut-on vendre en Europe avec la seule mention \u00ab PRC \u00bb ?<\/h3>\n<p>Oui, si l\u2019origine n\u2019est pas ambigu\u00eb et que la conformit\u00e9 (CE, RoHS, REACH, etc.) est respect\u00e9e. L\u2019\u00e9tiquette doit explicitement indiquer la Chine via l\u2019abr\u00e9viation comprise des autorit\u00e9s.<\/p>\n<h3>Pourquoi certaines marques pr\u00e9f\u00e8rent l\u2019acronyme PRC ?<\/h3>\n<p>Pour att\u00e9nuer les biais n\u00e9gatifs associ\u00e9s \u00e0 \u00ab China \u00bb, adopter un ton technique et am\u00e9liorer la confiance sans modifier le lieu de fabrication.<\/p>\n<h3>Quels risques en cas de marquage inadapt\u00e9 aux USA ?<\/h3>\n<p>R\u00e9tention douani\u00e8re, retards et co\u00fbts additionnels. La mention \u00ab Made in China \u00bb est souvent exig\u00e9e pour lever toute ambigu\u00eft\u00e9.<\/p>\n<h3>Comment \u00e9valuer la fiabilit\u00e9 d\u2019un produit \u00ab PRC \u00bb ?<\/h3>\n<p>V\u00e9rifier la r\u00e9putation du fabricant, exiger des tests et certifications, contr\u00f4ler l\u2019\u00e9tiquetage et r\u00e9aliser des inspections avant exp\u00e9dition.<\/p>\n\n","protected":false},"excerpt":{"rendered":"<p>\ud83d\udd0d Th\u00e8me \ud83d\udccc Infos cl\u00e9s \ud83c\udfaf Impacts 2025 \ud83e\udded \u00c0 retenir D\u00e9finition Made in PRC = Fabriqu\u00e9 en R\u00e9publique Populaire de Chine \ud83c\udde8\ud83c\uddf3 (abr\u00e9viation de People\u2019s Republic of China) Alternative plus neutre \u00e0 \u00ab Made in China \u00bb Formulation officielle, m\u00eame origine \u2705 R\u00e9glementation UE \u2705; USA \u26a0\ufe0f exigent souvent \u00ab Made in China \u00bb &#8230; <a title=\"made by p.r.c. : ce que signifie ce marquage sur les produits en 2025\" class=\"read-more\" href=\"https:\/\/webtoiture.fr\/blog\/made-by-p-r-c-ce-que-signifie-ce-marquage-sur-les-produits-en-2025\/\" aria-label=\"En savoir plus sur made by p.r.c. : ce que signifie ce marquage sur les produits en 2025\">Lire plus<\/a><\/p>\n","protected":false},"author":1,"featured_media":0,"comment_status":"open","ping_status":"open","sticky":false,"template":"","format":"standard","meta":{"footnotes":""},"categories":[5],"tags":[363,359,361,362,360],"class_list":["post-424","post","type-post","status-publish","format-standard","hentry","category-business","tag-etiquetage-2025","tag-made-by-prc","tag-origine-des-produits","tag-produits-importes","tag-signification-marquage"],"_links":{"self":[{"href":"https:\/\/webtoiture.fr\/blog\/wp-json\/wp\/v2\/posts\/424","targetHints":{"allow":["GET"]}}],"collection":[{"href":"https:\/\/webtoiture.fr\/blog\/wp-json\/wp\/v2\/posts"}],"about":[{"href":"https:\/\/webtoiture.fr\/blog\/wp-json\/wp\/v2\/types\/post"}],"author":[{"embeddable":true,"href":"https:\/\/webtoiture.fr\/blog\/wp-json\/wp\/v2\/users\/1"}],"replies":[{"embeddable":true,"href":"https:\/\/webtoiture.fr\/blog\/wp-json\/wp\/v2\/comments?post=424"}],"version-history":[{"count":0,"href":"https:\/\/webtoiture.fr\/blog\/wp-json\/wp\/v2\/posts\/424\/revisions"}],"wp:attachment":[{"href":"https:\/\/webtoiture.fr\/blog\/wp-json\/wp\/v2\/media?parent=424"}],"wp:term":[{"taxonomy":"category","embeddable":true,"href":"https:\/\/webtoiture.fr\/blog\/wp-json\/wp\/v2\/categories?post=424"},{"taxonomy":"post_tag","embeddable":true,"href":"https:\/\/webtoiture.fr\/blog\/wp-json\/wp\/v2\/tags?post=424"}],"curies":[{"name":"wp","href":"https:\/\/api.w.org\/{rel}","templated":true}]}}